{"id":830,"date":"2020-01-13T20:05:16","date_gmt":"2020-01-13T19:05:16","guid":{"rendered":"https:\/\/ttcpelaka.de\/?p=830"},"modified":"2021-02-01T19:01:29","modified_gmt":"2021-02-01T18:01:29","slug":"einladung-zum-bosseln","status":"publish","type":"post","link":"https:\/\/ttcpelaka.de\/?p=830","title":{"rendered":"Einladung zum Bo\u00dfeln"},"content":{"rendered":"\t\t<div data-elementor-type=\"wp-post\" data-elementor-id=\"830\" class=\"elementor elementor-830\">\n\t\t\t\t\t\t<div class=\"elementor-inner\">\n\t\t\t\t<div class=\"elementor-section-wrap\">\n\t\t\t\t\t\t\t\t\t<section class=\"elementor-section elementor-top-section elementor-element elementor-element-6c557b1 elementor-section-boxed elementor-section-height-default elementor-section-height-default\" data-id=\"6c557b1\" data-element_type=\"section\">\n\t\t\t\t\t\t<div class=\"elementor-container elementor-column-gap-default\">\n\t\t\t\t\t\t\t<div class=\"elementor-row\">\n\t\t\t\t\t<div class=\"elementor-column elementor-col-100 elementor-top-column elementor-element elementor-element-6d1cfa16\" data-id=\"6d1cfa16\" data-element_type=\"column\">\n\t\t\t<div class=\"elementor-column-wrap elementor-element-populated\">\n\t\t\t\t\t\t\t<div class=\"elementor-widget-wrap\">\n\t\t\t\t\t\t<div class=\"elementor-element elementor-element-7c483be4 elementor-widget elementor-widget-text-editor\" data-id=\"7c483be4\" data-element_type=\"widget\" data-widget_type=\"text-editor.default\">\n\t\t\t\t<div class=\"elementor-widget-container\">\n\t\t\t\t\t\t\t\t<div class=\"elementor-text-editor elementor-clearfix\">\n\t\t\t\t<p>Liebe Sportkameradinnen und Sportkameraden,<\/p><p>am <strong>Sonntag, den 09.02.2020<\/strong> findet unser diesj\u00e4hriges Bo\u00dfeln statt.<\/p><p>Hiermit lade ich alle Vereinsmitglieder, Angeh\u00f6rige und Sportfreunde zur Aus\u00fcbung dieses friesischen Volkssports recht herzlich ein.<\/p><p>Wir treffen uns um 13.00 Uhr am Cafe Dernedde.<\/p><p>Ab ca. 16.00 Uhr findet dann das traditionelle Gr\u00fcnkohlessen statt (f\u00fcr Nicht- Gr\u00fcnkohlesser gibt es Alternativen).<\/p><p>Ich bitte um zahlreiche <strong>Anmeldungen bis zum 02.02.2020.<\/strong> Ich bin erreichbar unter Tel. 05522\/9541116 (abends) oder per E-Mail unter defromme@AOL.com. Bei Anmeldung teilt mir bitte gleich Euren Essenswunsch mit (Gr\u00fcnkohl oder Alternative). Aus organisatorischen Gr\u00fcnden ben\u00f6tigt unser Vereinswirt die Men\u00fc-W\u00fcnsche von allen Teilnehmern eine Woche im voraus.<\/p><p>Mit sportlichen Gr\u00fc\u00dfen<\/p><p>Detlef Fromme, 1.Vors.<\/p>\t\t\t\t\t<\/div>\n\t\t\t\t\t\t<\/div>\n\t\t\t\t<\/div>\n\t\t\t\t\t\t<\/div>\n\t\t\t\t\t<\/div>\n\t\t<\/div>\n\t\t\t\t\t\t\t\t<\/div>\n\t\t\t\t\t<\/div>\n\t\t<\/section>\n\t\t\t\t\t\t\t\t\t<\/div>\n\t\t\t<\/div>\n\t\t\t\t\t<\/div>\n\t\t","protected":false},"excerpt":{"rendered":"<p>Liebe Sportkameradinnen und Sportkameraden, am Sonntag, den 09.02.2020 findet unser diesj\u00e4hriges Bo\u00dfeln statt. Hiermit lade ich alle Vereinsmitglieder, Angeh\u00f6rige und Sportfreunde zur Aus\u00fcbung dieses friesischen Volkssports recht herzlich ein. Wir treffen uns um 13.00 Uhr am Cafe Dernedde. Ab ca. 16.00 Uhr findet dann das traditionelle Gr\u00fcnkohlessen statt (f\u00fcr Nicht- [&hellip;]<\/p>\n","protected":false},"author":5,"featured_media":0,"comment_status":"closed","ping_status":"open","sticky":false,"template":"","format":"standard","meta":[],"categories":[1],"tags":[],"_links":{"self":[{"href":"https:\/\/ttcpelaka.de\/index.php?rest_route=\/wp\/v2\/posts\/830"}],"collection":[{"href":"https:\/\/ttcpelaka.de\/index.php?rest_route=\/wp\/v2\/posts"}],"about":[{"href":"https:\/\/ttcpelaka.de\/index.php?rest_route=\/wp\/v2\/types\/post"}],"author":[{"embeddable":true,"href":"https:\/\/ttcpelaka.de\/index.php?rest_route=\/wp\/v2\/users\/5"}],"replies":[{"embeddable":true,"href":"https:\/\/ttcpelaka.de\/index.php?rest_route=%2Fwp%2Fv2%2Fcomments&post=830"}],"version-history":[{"count":2,"href":"https:\/\/ttcpelaka.de\/index.php?rest_route=\/wp\/v2\/posts\/830\/revisions"}],"predecessor-version":[{"id":832,"href":"https:\/\/ttcpelaka.de\/index.php?rest_route=\/wp\/v2\/posts\/830\/revisions\/832"}],"wp:attachment":[{"href":"https:\/\/ttcpelaka.de\/index.php?rest_route=%2Fwp%2Fv2%2Fmedia&parent=830"}],"wp:term":[{"taxonomy":"category","embeddable":true,"href":"https:\/\/ttcpelaka.de\/index.php?rest_route=%2Fwp%2Fv2%2Fcategories&post=830"},{"taxonomy":"post_tag","embeddable":true,"href":"https:\/\/ttcpelaka.de\/index.php?rest_route=%2Fwp%2Fv2%2Ftags&post=830"}],"curies":[{"name":"wp","href":"https:\/\/api.w.org\/{rel}","templated":true}]}}