{"id":1708,"date":"2023-04-05T19:57:32","date_gmt":"2023-04-05T17:57:32","guid":{"rendered":"https:\/\/ttcpelaka.de\/?p=1708"},"modified":"2023-04-07T11:56:12","modified_gmt":"2023-04-07T09:56:12","slug":"ttc-trauert-um-seinen-ehrenvorsitzenden","status":"publish","type":"post","link":"https:\/\/ttcpelaka.de\/?p=1708","title":{"rendered":"TTC trauert um seinen Ehrenvorsitzenden"},"content":{"rendered":"\n<p class=\"has-text-align-center\">Am 18.03.2023 verstarb unser Sportkamerad und Ehrenvorsitzender<\/p>\n\n\n\n<p class=\"has-text-align-center has-x-large-font-size\"><strong>Manfred Trautsch<\/strong><\/p>\n\n\n\n<p class=\"has-text-align-center\">im Alter von 84 Jahren.<\/p>\n\n\n\n<p><\/p>\n\n\n\n<p class=\"has-text-align-center\">\u00dcber 63 Jahre geh\u00f6rte Manfred Trautsch unserem Tischtennis-Club an. Im Vorstand \u00fcbernahm er f\u00fcr viele Jahre verantwortungsvolle Positionen. Zuletzt von 1971 bis 1982 als 1. Vorsitzender des TTC. W\u00e4hrend dieser Zeit hat er die positive Entwicklung unseres Vereins ma\u00dfgeblich mit gepr\u00e4gt.<\/p>\n\n\n\n<p class=\"has-text-align-center\">Wir trauern mit seiner Familie und werden ihn in dankbarer Erinnerung behalten. <\/p>\n\n\n\n<p><\/p>\n\n\n\n<p class=\"has-text-align-center\"><strong>TTC Pe-La-Ka e.V.<\/strong><br>Der Vorstand<\/p>\n\n\n\n<p><\/p>\n","protected":false},"excerpt":{"rendered":"<p>Am 18.03.2023 verstarb unser Sportkamerad und Ehrenvorsitzender Manfred Trautsch im Alter von 84 Jahren. \u00dcber 63 Jahre geh\u00f6rte Manfred Trautsch unserem Tischtennis-Club an. Im Vorstand \u00fcbernahm er f\u00fcr viele Jahre verantwortungsvolle Positionen. Zuletzt von 1971 bis 1982 als 1. Vorsitzender des TTC. W\u00e4hrend dieser Zeit hat er die positive Entwicklung [&hellip;]<\/p>\n","protected":false},"author":5,"featured_media":1711,"comment_status":"closed","ping_status":"open","sticky":false,"template":"","format":"standard","meta":[],"categories":[1],"tags":[],"_links":{"self":[{"href":"https:\/\/ttcpelaka.de\/index.php?rest_route=\/wp\/v2\/posts\/1708"}],"collection":[{"href":"https:\/\/ttcpelaka.de\/index.php?rest_route=\/wp\/v2\/posts"}],"about":[{"href":"https:\/\/ttcpelaka.de\/index.php?rest_route=\/wp\/v2\/types\/post"}],"author":[{"embeddable":true,"href":"https:\/\/ttcpelaka.de\/index.php?rest_route=\/wp\/v2\/users\/5"}],"replies":[{"embeddable":true,"href":"https:\/\/ttcpelaka.de\/index.php?rest_route=%2Fwp%2Fv2%2Fcomments&post=1708"}],"version-history":[{"count":1,"href":"https:\/\/ttcpelaka.de\/index.php?rest_route=\/wp\/v2\/posts\/1708\/revisions"}],"predecessor-version":[{"id":1709,"href":"https:\/\/ttcpelaka.de\/index.php?rest_route=\/wp\/v2\/posts\/1708\/revisions\/1709"}],"wp:featuredmedia":[{"embeddable":true,"href":"https:\/\/ttcpelaka.de\/index.php?rest_route=\/wp\/v2\/media\/1711"}],"wp:attachment":[{"href":"https:\/\/ttcpelaka.de\/index.php?rest_route=%2Fwp%2Fv2%2Fmedia&parent=1708"}],"wp:term":[{"taxonomy":"category","embeddable":true,"href":"https:\/\/ttcpelaka.de\/index.php?rest_route=%2Fwp%2Fv2%2Fcategories&post=1708"},{"taxonomy":"post_tag","embeddable":true,"href":"https:\/\/ttcpelaka.de\/index.php?rest_route=%2Fwp%2Fv2%2Ftags&post=1708"}],"curies":[{"name":"wp","href":"https:\/\/api.w.org\/{rel}","templated":true}]}}